{"id":2587,"date":"2024-04-04T08:25:12","date_gmt":"2024-04-04T06:25:12","guid":{"rendered":"https:\/\/www.thunepodcast.fr\/?p=2587"},"modified":"2024-04-11T11:21:09","modified_gmt":"2024-04-11T09:21:09","slug":"impots-fraude-defisc-un-agent-du-fisc-ne-devrait-pas-dire-ca-mais","status":"publish","type":"post","link":"https:\/\/www.thunepodcast.fr\/index.php\/2024\/04\/04\/impots-fraude-defisc-un-agent-du-fisc-ne-devrait-pas-dire-ca-mais\/","title":{"rendered":"Imp\u00f4ts, fraude, d\u00e9fisc&rsquo; : un agent du Fisc ne devrait pas dire \u00e7a&#8230;"},"content":{"rendered":"\n<h2>\n\t\t\u00c9pisode #126\n\t<\/h2>\n\t<iframe loading=\"lazy\" src=\"https:\/\/embed.acast.com\/6569d320c27dae001249cf18\/660d7c03553a0d0017ee30fe?theme=light\" frameBorder=\"0\" width=\"100%\" height=\"110px\"><\/iframe>\n<h1>\n\t\tPour l'amour du Fisc\n\t<\/h1>\n\t<p>Les imp\u00f4ts, c&rsquo;est toujours un peu bigo\u00fbt, vous ne trouvez pas ? Par exemple, d&rsquo;un c\u00f4t\u00e9, moi j&rsquo;adore payer mes imp\u00f4ts. Quand je remplis ma d\u00e9claration, j&rsquo;ai vraiment l&rsquo;impression de participer au \u00ab\u00a0Tr\u00e9sor public\u00a0\u00bb, \u00e0 \u00ab\u00a0notre\u00a0\u00bb tr\u00e9sor et je suis un peu fi\u00e8re de me dire que je vais contribuer \u00e0 payer des \u00e9coles, des infirmi\u00e8res, des soins ou des allocations pour des gens en difficult\u00e9. Je me dis que je suis une meuf bien en fait !<\/p>\n<p>Et puis il y a une autre partie de moi, moins glorieuse, qui \u00e9prouve une forme d&rsquo;anxi\u00e9t\u00e9, et ce pour 2 raisons. D&rsquo;abord parce que j&rsquo;ai peur de me tromper. D&rsquo;oublier de d\u00e9clarer un truc ou de mal le d\u00e9clarer et de m&rsquo;exposer \u00e0 des sanctions. Et aussi parce que j&rsquo;ai peur de m&rsquo;autogruger en quelque sorte : eh oui, je ne suis pas sp\u00e9cialiste en droit fiscal et il y a tellement de niches et de d\u00e9ductions que je me dis que si \u00e7a se trouve il y en a auxquelles j&rsquo;ai droit mais que je ne connais pas&#8230;<\/p>\n<p>Si vous aussi vous \u00eates comme \u00e7a, ou plus simplement si, en ces temps ou l&rsquo;on parle beaucoup des fameuses \u00ab\u00a0recettes de l&rsquo;Etat\u00a0\u00bb, de la dette, de la fraude fiscale et de taxer les riches, vous vous posez des questions, cet entretien est pour vous. Nous avons eu la chance de rencontrer une contr\u00f4leuse du Fisc &#8211; tr\u00e8s rock n roll -, qui nous explique tout \u00ab\u00a0vu de l&rsquo;int\u00e9rieur&rsquo;. Une parole exceptionnelle puisque les fonctionnaires de Bercy n&rsquo;ont pas le droit de s&rsquo;exprimer. Pr\u00e9parez-vous \u00e0 apprendre : qui sont les gens des imp\u00f4ts, comment sont d\u00e9cid\u00e9s les contr\u00f4les, quels sont leurs angles morts aussi, ce qu&rsquo;ils peuvent faire et ne peuvent pas faire,\u00a0que peut-on d\u00e9fiscaliser&#8230; Apr\u00e8s cet \u00e9clairage sur la collecte de notre fameux Tr\u00e9sor public, je serais d&rsquo;ailleurs bien curieuse d&rsquo;avoir vos r\u00e9flexions sur ce que cela dit&#8230;de nous !<\/p>\n<p>En attendant, bonne \u00e9coute bien s\u00fbr !<\/p>\n\n<h2>\n\t\tPLUS D&rsquo;\u00c9PISODES\n\t<\/h2>\n\t<meta itemscope itemprop=\"mainEntityOfPage\" itemtype=\"https:\/\/schema.org\/WebPage\" itemid=\"http:\/\/1827\" content=\"Les pr\u00eats discrets du Mont-de-Pi\u00e9t\u00e9\" \/><meta itemprop=\"datePublished\" content=\"2023-12-07\" \/><meta itemprop=\"dateModified\" content=\"2024-01-01\" \/><meta itemprop=\"name\" content=\"Thune Podcast\"\/><meta itemprop=\"url\" content=\"https:\/\/www.thunepodcast.fr\/index.php\/author\/admin4827\/\" \/><meta itemprop=\"name\" content=\"admin4827\" \/><meta itemprop=\"url\" content=\"https:\/\/www.thunepodcast.fr\/wp-content\/uploads\/2023\/12\/Mont_de_Piete_de_Paris.jpg\" \/><meta itemprop=\"width\" content=\"1024\" \/><meta itemprop=\"height\" content=\"1365\" \/><meta itemprop=\"interactionType\" content=\"https:\/\/schema.org\/CommentAction\" \/><meta itemprop=\"userInteractionCount\" content=\"0\" \/>\n\t\t\t\t\t<a href=\"https:\/\/www.thunepodcast.fr\/index.php\/2023\/12\/07\/les-prets-discrets-du-mont-de-piete\/\" title=\"Les pr\u00eats discrets du Mont-de-Pi\u00e9t\u00e9\"><\/a>\n\t\t\t\t<img loading=\"lazy\" decoding=\"async\" src=\"https:\/\/www.thunepodcast.fr\/wp-content\/uploads\/bb-plugin\/cache\/Mont_de_Piete_de_Paris-768x1024-square-926482dabafa555fe209e4f7d7af5b08-.jpg\" alt=\"Mont_de_Pi\u00e9t\u00e9_de_Paris\" itemprop=\"image\" data-no-lazy=\"1\" height=\"1024\" width=\"768\" title=\"Mont_de_Pi\u00e9t\u00e9_de_Paris\" onerror=\"this.style.display='none'\"  \/>\n\t\t\t\t\t\t\t\t\t<h2 itemprop=\"headline\">\n\t\t\t\t\t\t\t\t\t\t\t\t\t\tLes pr\u00eats discrets du Mont-de-Pi\u00e9t\u00e9\t\t\t\t\t\t\t\t\t\t\t<\/h2>\n    De Louis XIII \u00e0 l&rsquo;inflation, le cr\u00e9dit \u00ab\u00a0\u00e0 la fran\u00e7aise\u00a0\u00bb\n<br \/>\n\u00c9pisode #113\n\t\t<!-- .pp-content-posts -->\n\t<meta itemscope itemprop=\"mainEntityOfPage\" itemtype=\"https:\/\/schema.org\/WebPage\" itemid=\"http:\/\/274\" content=\"Heureuse avec moins de 1 000 euros par mois\" \/><meta itemprop=\"datePublished\" content=\"2023-09-27\" \/><meta itemprop=\"dateModified\" content=\"2024-01-01\" \/><meta itemprop=\"name\" content=\"Thune Podcast\"\/><meta itemprop=\"url\" content=\"https:\/\/www.thunepodcast.fr\/index.php\/author\/admin4827\/\" \/><meta itemprop=\"name\" content=\"admin4827\" \/><meta itemprop=\"url\" content=\"https:\/\/www.thunepodcast.fr\/wp-content\/uploads\/2023\/09\/THUNE-PODCAST-EPISODE-4.jpg\" \/><meta itemprop=\"width\" content=\"1000\" \/><meta itemprop=\"height\" content=\"1000\" \/><meta itemprop=\"interactionType\" content=\"https:\/\/schema.org\/CommentAction\" \/><meta itemprop=\"userInteractionCount\" content=\"0\" \/>\n\t\t\t\t\t<a href=\"https:\/\/www.thunepodcast.fr\/index.php\/2023\/09\/27\/kristel-heureuse-avec-moins-de-1-000-euros-par-mois\/\" title=\"Heureuse avec moins de 1 000 euros par mois\"><\/a>\n\t\t\t\t<img decoding=\"async\" src=\"https:\/\/www.thunepodcast.fr\/wp-content\/uploads\/bb-plugin\/cache\/THUNE-PODCAST-EPISODE-4-768x768-square-49d9d8526adac887efd2063ad3b3ed28-.jpg\" alt=\"THUNE PODCAST EPISODE 4\" itemprop=\"image\" data-no-lazy=\"1\" title=\"THUNE PODCAST EPISODE 4\" onerror=\"this.style.display='none'\"  \/>\n\t\t\t\t\t\t\t\t\t<h2 itemprop=\"headline\">\n\t\t\t\t\t\t\t\t\t\t\t\t\t\tHeureuse avec moins de 1 000 euros par mois\t\t\t\t\t\t\t\t\t\t\t<\/h2>\n    Est-ce que moins c&rsquo;est plus ?\n<br \/>\n\u00c9pisode #4\n\t<meta itemscope itemprop=\"mainEntityOfPage\" itemtype=\"https:\/\/schema.org\/WebPage\" itemid=\"http:\/\/2544\" content=\"Sois belle et paie-toi : le far west du mannequinat\" \/><meta itemprop=\"datePublished\" content=\"2024-02-29\" \/><meta itemprop=\"dateModified\" content=\"2024-03-07\" \/><meta itemprop=\"name\" content=\"Thune Podcast\"\/><meta itemprop=\"url\" content=\"https:\/\/www.thunepodcast.fr\/index.php\/author\/admin4827\/\" \/><meta itemprop=\"name\" content=\"admin4827\" \/><meta itemprop=\"url\" content=\"https:\/\/www.thunepodcast.fr\/wp-content\/uploads\/2024\/02\/depuis-book.jpg\" \/><meta itemprop=\"width\" content=\"750\" \/><meta itemprop=\"height\" content=\"1053\" \/><meta itemprop=\"interactionType\" content=\"https:\/\/schema.org\/CommentAction\" \/><meta itemprop=\"userInteractionCount\" content=\"0\" \/>\n\t\t\t\t\t<a href=\"https:\/\/www.thunepodcast.fr\/index.php\/2024\/02\/29\/sois-belle-et-paie-toi-le-far-west-du-mannequinat\/\" title=\"Sois belle et paie-toi : le far west du mannequinat\"><\/a>\n\t\t\t\t<img loading=\"lazy\" decoding=\"async\" src=\"https:\/\/www.thunepodcast.fr\/wp-content\/uploads\/bb-plugin\/cache\/depuis-book-square-9f00a0b94153499acc9c4cb4d8336df7-.jpg\" alt=\"depuis book\" itemprop=\"image\" data-no-lazy=\"1\" height=\"1053\" width=\"750\" title=\"depuis book\" onerror=\"this.style.display='none'\"  \/>\n\t\t\t\t\t\t\t\t\t<h2 itemprop=\"headline\">\n\t\t\t\t\t\t\t\t\t\t\t\t\t\tSois belle et paie-toi : le far west du mannequinat\t\t\t\t\t\t\t\t\t\t\t<\/h2>\n    Le vrai prix de la beaut\u00e9\n<br \/>\n\u00c9pisode #121\n\t<meta itemscope itemprop=\"mainEntityOfPage\" itemtype=\"https:\/\/schema.org\/WebPage\" itemid=\"http:\/\/1008\" content=\"Successions chez les ultra-riches, avec Vanessa Schneider et Rapha\u00eblle Bacqu\u00e9\" \/><meta itemprop=\"datePublished\" content=\"2023-10-23\" \/><meta itemprop=\"dateModified\" content=\"2024-01-01\" \/><meta itemprop=\"name\" content=\"Thune Podcast\"\/><meta itemprop=\"url\" content=\"https:\/\/www.thunepodcast.fr\/index.php\/author\/admin4827\/\" \/><meta itemprop=\"name\" content=\"admin4827\" \/><meta itemprop=\"url\" content=\"https:\/\/www.thunepodcast.fr\/wp-content\/uploads\/2023\/10\/THUNE-PODCAST-EPISODE-55.jpg\" \/><meta itemprop=\"width\" content=\"800\" \/><meta itemprop=\"height\" content=\"800\" \/><meta itemprop=\"interactionType\" content=\"https:\/\/schema.org\/CommentAction\" \/><meta itemprop=\"userInteractionCount\" content=\"0\" \/>\n\t\t\t\t\t<a href=\"https:\/\/www.thunepodcast.fr\/index.php\/2023\/10\/23\/affaires-de-successions-chez-les-ultra-riches-avec-vanessa-schneider-et-raphaelle-bacque\/\" title=\"Successions chez les ultra-riches, avec Vanessa Schneider et Rapha\u00eblle Bacqu\u00e9\"><\/a>\n\t\t\t\t<img decoding=\"async\" src=\"https:\/\/www.thunepodcast.fr\/wp-content\/uploads\/bb-plugin\/cache\/THUNE-PODCAST-EPISODE-55-768x768-square-482b220d5bb1e43886c1a2a5cc3a33a4-.jpg\" alt=\"THUNE PODCAST EPISODE 55\" itemprop=\"image\" data-no-lazy=\"1\" title=\"THUNE PODCAST EPISODE 55\" onerror=\"this.style.display='none'\"  \/>\n\t\t\t\t\t\t\t\t\t<h2 itemprop=\"headline\">\n\t\t\t\t\t\t\t\t\t\t\t\t\t\tSuccessions chez les ultra-riches, avec Vanessa Schneider et Rapha\u00eblle Bacqu\u00e9\t\t\t\t\t\t\t\t\t\t\t<\/h2>\n    Bollor\u00e9, Herm\u00e8s, Arnaud&#8230; Au coeur des grandes dynasties fran\u00e7aises\n<br \/>\n\u00c9pisode #71\n\t<meta itemscope itemprop=\"mainEntityOfPage\" itemtype=\"https:\/\/schema.org\/WebPage\" itemid=\"http:\/\/907\" content=\"Combien co\u00fbte (vraiment) une reconversion ?\" \/><meta itemprop=\"datePublished\" content=\"2023-10-20\" \/><meta itemprop=\"dateModified\" content=\"2024-01-01\" \/><meta itemprop=\"name\" content=\"Thune Podcast\"\/><meta itemprop=\"url\" content=\"https:\/\/www.thunepodcast.fr\/index.php\/author\/admin4827\/\" \/><meta itemprop=\"name\" content=\"admin4827\" \/><meta itemprop=\"url\" content=\"https:\/\/www.thunepodcast.fr\/wp-content\/uploads\/2023\/10\/THUNE-PODCAST-EPISODE-40.jpg\" \/><meta itemprop=\"width\" content=\"800\" \/><meta itemprop=\"height\" content=\"800\" \/><meta itemprop=\"interactionType\" content=\"https:\/\/schema.org\/CommentAction\" \/><meta itemprop=\"userInteractionCount\" content=\"0\" \/>\n\t\t\t\t\t<a href=\"https:\/\/www.thunepodcast.fr\/index.php\/2023\/10\/20\/combien-coute-vraiment-une-reconversion-avec-clara-deletraz-de-switch-collective\/\" title=\"Combien co\u00fbte (vraiment) une reconversion ?\"><\/a>\n\t\t\t\t<img decoding=\"async\" src=\"https:\/\/www.thunepodcast.fr\/wp-content\/uploads\/bb-plugin\/cache\/THUNE-PODCAST-EPISODE-40-768x768-square-620127d36585168e7fd6edf44daa053c-.jpg\" alt=\"THUNE PODCAST EPISODE 40\" itemprop=\"image\" data-no-lazy=\"1\" title=\"THUNE PODCAST EPISODE 40\" onerror=\"this.style.display='none'\"  \/>\n\t\t\t\t\t\t\t\t\t<h2 itemprop=\"headline\">\n\t\t\t\t\t\t\t\t\t\t\t\t\t\tCombien co\u00fbte (vraiment) une reconversion ?\t\t\t\t\t\t\t\t\t\t\t<\/h2>\n    \u00c0 \u00e9couter avant de tout plaquer\n<br \/>\n\u00c9pisode #54\n\t<meta itemscope itemprop=\"mainEntityOfPage\" itemtype=\"https:\/\/schema.org\/WebPage\" itemid=\"http:\/\/885\" content=\"Marc : confessions d'un radin professionnel\" \/><meta itemprop=\"datePublished\" content=\"2023-10-20\" \/><meta itemprop=\"dateModified\" content=\"2024-01-01\" \/><meta itemprop=\"name\" content=\"Thune Podcast\"\/><meta itemprop=\"url\" content=\"https:\/\/www.thunepodcast.fr\/index.php\/author\/admin4827\/\" \/><meta itemprop=\"name\" content=\"admin4827\" \/><meta itemprop=\"url\" content=\"https:\/\/www.thunepodcast.fr\/wp-content\/uploads\/2023\/10\/THUNE-PODCAST-EPISODE-38.jpg\" \/><meta itemprop=\"width\" content=\"800\" \/><meta itemprop=\"height\" content=\"800\" \/><meta itemprop=\"interactionType\" content=\"https:\/\/schema.org\/CommentAction\" \/><meta itemprop=\"userInteractionCount\" content=\"0\" \/>\n\t\t\t\t\t<a href=\"https:\/\/www.thunepodcast.fr\/index.php\/2023\/10\/20\/marc-confessions-dun-radin-professionnel\/\" title=\"Marc : confessions d'un radin professionnel\"><\/a>\n\t\t\t\t<img decoding=\"async\" src=\"https:\/\/www.thunepodcast.fr\/wp-content\/uploads\/bb-plugin\/cache\/THUNE-PODCAST-EPISODE-38-768x768-square-8e5840fb12dc7a428a454f00304c9901-.jpg\" alt=\"THUNE PODCAST EPISODE 38\" itemprop=\"image\" data-no-lazy=\"1\" title=\"THUNE PODCAST EPISODE 38\" onerror=\"this.style.display='none'\"  \/>\n\t\t\t\t\t\t\t\t\t<h2 itemprop=\"headline\">\n\t\t\t\t\t\t\t\t\t\t\t\t\t\tMarc : confessions d&rsquo;un radin professionnel\t\t\t\t\t\t\t\t\t\t\t<\/h2>\n    Un vrai radin ose enfin parler !\n<br \/>\n\u00c9pisode #50\n\t<meta itemscope itemprop=\"mainEntityOfPage\" itemtype=\"https:\/\/schema.org\/WebPage\" itemid=\"http:\/\/1094\" content=\"Logement, nourriture, \u00e9nergie : les solutions 0\u20ac de Bjorn Duval\" \/><meta itemprop=\"datePublished\" content=\"2023-10-23\" \/><meta itemprop=\"dateModified\" content=\"2024-01-01\" \/><meta itemprop=\"name\" content=\"Thune Podcast\"\/><meta itemprop=\"url\" content=\"https:\/\/www.thunepodcast.fr\/index.php\/author\/admin4827\/\" \/><meta itemprop=\"name\" content=\"admin4827\" \/><meta itemprop=\"url\" content=\"https:\/\/www.thunepodcast.fr\/wp-content\/uploads\/2023\/10\/THUNE-PODCAST-EPISODE-74.jpg\" \/><meta itemprop=\"width\" content=\"800\" \/><meta itemprop=\"height\" content=\"800\" \/><meta itemprop=\"interactionType\" content=\"https:\/\/schema.org\/CommentAction\" \/><meta itemprop=\"userInteractionCount\" content=\"0\" \/>\n\t\t\t\t\t<a href=\"https:\/\/www.thunepodcast.fr\/index.php\/2023\/10\/23\/logement-nourriture-energie-vivre-gratos-cest-possible-les-solutions-0e-de-bjorn-duval\/\" title=\"Logement, nourriture, \u00e9nergie : les solutions 0\u20ac de Bjorn Duval\"><\/a>\n\t\t\t\t<img decoding=\"async\" src=\"https:\/\/www.thunepodcast.fr\/wp-content\/uploads\/bb-plugin\/cache\/THUNE-PODCAST-EPISODE-74-768x768-square-6a19271dc3bf0fc6df1f5c5b28f63473-.jpg\" alt=\"THUNE PODCAST EPISODE 74\" itemprop=\"image\" data-no-lazy=\"1\" title=\"THUNE PODCAST EPISODE 74\" onerror=\"this.style.display='none'\"  \/>\n\t\t\t\t\t\t\t\t\t<h2 itemprop=\"headline\">\n\t\t\t\t\t\t\t\t\t\t\t\t\t\tLogement, nourriture, \u00e9nergie : les solutions 0\u20ac de Bjorn Duval\t\t\t\t\t\t\t\t\t\t\t<\/h2>\n    Vous aimez le jardinage ?\n<br \/>\n\u00c9pisode #74\n\t\t<!-- .pp-content-posts -->\n\n","protected":false},"excerpt":{"rendered":"<p>\u00c9pisode # PLUS D&rsquo;\u00c9PISODES Les pr\u00eats discrets du Mont-de-Pi\u00e9t\u00e9 De Louis XIII \u00e0 l&rsquo;inflation, le cr\u00e9dit \u00ab\u00a0\u00e0 la fran\u00e7aise\u00a0\u00bb \u00c9pisode #113 Heureuse avec moins de 1 000 euros par mois Est-ce que moins c&rsquo;est plus ? \u00c9pisode #4 Sois belle et paie-toi : le far west du mannequinat Le vrai prix de la beaut\u00e9 \u00c9pisode&hellip;<\/p>\n","protected":false},"author":1,"featured_media":2588,"comment_status":"closed","ping_status":"closed","sticky":false,"template":"tpl-full-width.php","format":"standard","meta":{"footnotes":""},"categories":[14,9],"tags":[],"class_list":["post-2587","post","type-post","status-publish","format-standard","has-post-thumbnail","hentry","category-budget","category-decryptage"],"acf":[],"aioseo_notices":[],"_links":{"self":[{"href":"https:\/\/www.thunepodcast.fr\/index.php\/wp-json\/wp\/v2\/posts\/2587","targetHints":{"allow":["GET"]}}],"collection":[{"href":"https:\/\/www.thunepodcast.fr\/index.php\/wp-json\/wp\/v2\/posts"}],"about":[{"href":"https:\/\/www.thunepodcast.fr\/index.php\/wp-json\/wp\/v2\/types\/post"}],"author":[{"embeddable":true,"href":"https:\/\/www.thunepodcast.fr\/index.php\/wp-json\/wp\/v2\/users\/1"}],"replies":[{"embeddable":true,"href":"https:\/\/www.thunepodcast.fr\/index.php\/wp-json\/wp\/v2\/comments?post=2587"}],"version-history":[{"count":9,"href":"https:\/\/www.thunepodcast.fr\/index.php\/wp-json\/wp\/v2\/posts\/2587\/revisions"}],"predecessor-version":[{"id":2607,"href":"https:\/\/www.thunepodcast.fr\/index.php\/wp-json\/wp\/v2\/posts\/2587\/revisions\/2607"}],"wp:featuredmedia":[{"embeddable":true,"href":"https:\/\/www.thunepodcast.fr\/index.php\/wp-json\/wp\/v2\/media\/2588"}],"wp:attachment":[{"href":"https:\/\/www.thunepodcast.fr\/index.php\/wp-json\/wp\/v2\/media?parent=2587"}],"wp:term":[{"taxonomy":"category","embeddable":true,"href":"https:\/\/www.thunepodcast.fr\/index.php\/wp-json\/wp\/v2\/categories?post=2587"},{"taxonomy":"post_tag","embeddable":true,"href":"https:\/\/www.thunepodcast.fr\/index.php\/wp-json\/wp\/v2\/tags?post=2587"}],"curies":[{"name":"wp","href":"https:\/\/api.w.org\/{rel}","templated":true}]}}